{"id":871,"date":"2025-06-18T09:41:45","date_gmt":"2025-06-18T09:41:45","guid":{"rendered":"https:\/\/tsv.fund\/?p=871"},"modified":"2025-12-08T15:16:51","modified_gmt":"2025-12-08T15:16:51","slug":"12-srpskih-startapa-ce-se-predstaviti-iz-aviona-spremni-su-za-svet-imaju-realne-sanse-za-uspeh","status":"publish","type":"post","link":"https:\/\/tsv.fund\/sr\/2025\/06\/18\/12-srpskih-startapa-ce-se-predstaviti-iz-aviona-spremni-su-za-svet-imaju-realne-sanse-za-uspeh\/","title":{"rendered":"12 srpskih startapa \u0107e se predstaviti iz aviona: &#8220;Spremni su za svet, imaju realne \u0161anse za uspeh&#8221;"},"content":{"rendered":"<p><img class=\"lazyload alignnone wp-image-872 size-full\" src=\"https:\/\/tsv.fund\/wp-content\/uploads\/2025\/08\/IMG_2788-min.jpg\" data-orig-src=\"https:\/\/tsv.fund\/wp-content\/uploads\/2025\/08\/IMG_2788-min.jpg\" alt=\"\" width=\"830\" height=\"553\" srcset=\"data:image\/svg+xml,%3Csvg%20xmlns%3D%27http%3A%2F%2Fwww.w3.org%2F2000%2Fsvg%27%20width%3D%27830%27%20height%3D%27553%27%20viewBox%3D%270%200%20830%20553%27%3E%3Crect%20width%3D%27830%27%20height%3D%27553%27%20fill-opacity%3D%220%22%2F%3E%3C%2Fsvg%3E\" data-srcset=\"https:\/\/tsv.fund\/wp-content\/uploads\/2025\/08\/IMG_2788-min-18x12.jpg 18w, https:\/\/tsv.fund\/wp-content\/uploads\/2025\/08\/IMG_2788-min-200x133.jpg 200w, https:\/\/tsv.fund\/wp-content\/uploads\/2025\/08\/IMG_2788-min-300x200.jpg 300w, https:\/\/tsv.fund\/wp-content\/uploads\/2025\/08\/IMG_2788-min-400x267.jpg 400w, https:\/\/tsv.fund\/wp-content\/uploads\/2025\/08\/IMG_2788-min-600x400.jpg 600w, https:\/\/tsv.fund\/wp-content\/uploads\/2025\/08\/IMG_2788-min-768x512.jpg 768w, https:\/\/tsv.fund\/wp-content\/uploads\/2025\/08\/IMG_2788-min-800x533.jpg 800w, https:\/\/tsv.fund\/wp-content\/uploads\/2025\/08\/IMG_2788-min.jpg 830w\" data-sizes=\"auto\" data-orig-sizes=\"(max-width: 830px) 100vw, 830px\" \/><\/p>\n<p>&#8220;Zamislite da va\u0161a ideja putuje br\u017ee od vas, da obi\u0111e svet dok jo\u0161 planirate naredni korak, da se na visini od 10.000 metara predstavi klju\u010dnim ljudima iz sveta\u00a0<strong><b>biznisa, inovacija i investicija<\/b><\/strong>. U narednih godinu dana 12 pa\u017eljivo odabranih\u00a0<a href=\"https:\/\/ubrzanje.telegraf.rs\/start-up\"><u>startapa<\/u><\/a>\u00a0iz Srbije dobi\u0107e priliku da svoje ideje predstave donosiocima odluka, investitorima i poslovnim liderim a\u0161irom sveta&#8221;, re\u010deno je danas u\u00a0<strong><b>Beogradu<\/b><\/strong>\u00a0na predstavljanju projekta SkyPitch.<\/p>\n<p>Re\u010d je o prvoj inovativnoj\u00a0<strong><b>digitalnoj platformi u Srbiji koja omogu\u0107ava startapima da svoje poslovne ideje predstave globalnoj publici<\/b><\/strong>\u00a0\u2013 direktno tokom me\u0111unarodnih avionskih letova kompanije<strong><b>\u00a0Er Srbije<\/b><\/strong>\u00a0(Air Serbia). Putnici \u0107e imati priliku da putem ekrana u avionu gledaju prezentacije najperspektivnijih doma\u0107ih startapa, uz mogu\u0107nost direktne interakcije sa osniva\u010dima.<\/p>\n<p>O na\u010dinu na koji je napravljen odabir startapa koji \u0107e se predstaviti za Ubrzanje.rs govorio je generalni direktor TS Ventures fund Davor Saka\u010d.<\/p>\n<p><strong><b>Saka\u010d: Imaju realnu \u0161ansu da uspeju u Americi<\/b><\/strong><\/p>\n<p>&#8220;Ono \u0161to je svojstveno svim\u00a0<strong><b>startapima<\/b><\/strong>\u00a0koji \u0107e se na\u0107i u ovom prvom ciklusu emitovanja u avionima Air Serbia jeste da su to\u00a0<strong><b>startapi<\/b><\/strong>\u00a0koji zaista imaju realan potencijal da se plasiraju na tr\u017ei\u0161te Severne Amerike. Ne mora da zna\u010di da je startap, ako ve\u0107 prodaje ne\u0161to u\u00a0<strong><b>Zapadnoj Evropi<\/b><\/strong>, spreman da iza\u0111e na najzrelije tr\u017ei\u0161te, tr\u017ei\u0161te\u00a0<strong><b>Severne Amerike<\/b><\/strong>. Nisu svi startapi za to spremni, ali ovih 12 jesu.<\/p>\n<p>Ovi startapi ve\u0107 imaju svoj\u00a0<strong><b>proizvod i korisnike<\/b><\/strong>. Oni su startapi koji su negde izme\u0111u seed faze i serije A, ko je iz ovog posla, razume o \u010demu pri\u010dam, to zna\u010di da je njihov prihod pribli\u017eno oko milion evra godi\u0161nje, oni su sad zreli za neku novu rundu finansiranja. Zato je potrebno da se predstave zapadnim investitorima i zapadnim korisnicima&#8221;, rekao nam je Saka\u010d.<\/p>\n<p>Isti\u010de da postoji zajedni\u010dki interes svih okupljenih oko projekta.<\/p>\n<p><img class=\"lazyload alignnone wp-image-874 size-full\" src=\"https:\/\/tsv.fund\/wp-content\/uploads\/2025\/08\/IMG_2787.jpg\" data-orig-src=\"https:\/\/tsv.fund\/wp-content\/uploads\/2025\/08\/IMG_2787.jpg\" alt=\"\" width=\"830\" height=\"553\" srcset=\"data:image\/svg+xml,%3Csvg%20xmlns%3D%27http%3A%2F%2Fwww.w3.org%2F2000%2Fsvg%27%20width%3D%27830%27%20height%3D%27553%27%20viewBox%3D%270%200%20830%20553%27%3E%3Crect%20width%3D%27830%27%20height%3D%27553%27%20fill-opacity%3D%220%22%2F%3E%3C%2Fsvg%3E\" data-srcset=\"https:\/\/tsv.fund\/wp-content\/uploads\/2025\/08\/IMG_2787-18x12.jpg 18w, https:\/\/tsv.fund\/wp-content\/uploads\/2025\/08\/IMG_2787-200x133.jpg 200w, https:\/\/tsv.fund\/wp-content\/uploads\/2025\/08\/IMG_2787-300x200.jpg 300w, https:\/\/tsv.fund\/wp-content\/uploads\/2025\/08\/IMG_2787-400x267.jpg 400w, https:\/\/tsv.fund\/wp-content\/uploads\/2025\/08\/IMG_2787-600x400.jpg 600w, https:\/\/tsv.fund\/wp-content\/uploads\/2025\/08\/IMG_2787-768x512.jpg 768w, https:\/\/tsv.fund\/wp-content\/uploads\/2025\/08\/IMG_2787-800x533.jpg 800w, https:\/\/tsv.fund\/wp-content\/uploads\/2025\/08\/IMG_2787.jpg 830w\" data-sizes=\"auto\" data-orig-sizes=\"(max-width: 830px) 100vw, 830px\" \/><\/p>\n<p><strong><b>Davor Ska\u010d \/ Foto: Tanjug\/Jadranka Ili\u0107<\/b><\/strong><\/p>\n<p>&#8220;Od inovacionog fonda, od resornog ministarstva, Telekoma, nas kao Fonda, prosto mislim da je na\u0161a du\u017enost da pri\u010damo o kompanijama i herojima na\u0161e zajednice, po\u0161to oni sve svoje prihode uglavnom prave na zapadnim tr\u017ei\u0161tima i dokazuju da iz jedne male Srbije mo\u017ee\u0161 da proizvede\u0161 ne\u0161to, da ga globalno ponudi\u0161 i da napravi\u0161 veliki rezultat&#8221;, obja\u0161njava.<\/p>\n<p>Veruje i da je\u00a0<strong><b>srpski startap ekosistem<\/b><\/strong>\u00a0na pravom putu, te da se desio zna\u010dajan napredak u prethodnih pet godina.<\/p>\n<p>Ka\u017ee i da me\u0111u srpskim startapima ima onih koji se primi\u010du\u00a0<strong><b>&#8220;statusu jednoroga&#8221;<\/b><\/strong>, \u010dija vrednost \u0107e biti procenjena na milijardu dolara, ali da neki od njih imaju osniva\u010de u Srbiji, a kancelarije izvan granica na\u0161e zemlje.<\/p>\n<p>Obja\u0161njava da to ima veze sa investicijama.<\/p>\n<p>&#8220;To je normalno u \u017eivotnom ciklusu startapa. Ukoliko ste u fazi podizanja runde novca, od glavnog\u00a0<strong><b>investitora<\/b><\/strong>\u00a0\u0107e vam zavisiti gde \u0107ete otvoriti va\u0161u kancelariju&#8221;, navodi dodaju\u0107i da se srpski startapi razvijaju i u Americi i u Estoniji&#8230;<\/p>\n<p>Navodi i druga\u010diji primer. Suosniva\u010d startapa Fuller Vision\u00a0<strong><b>Rid Foster,<\/b><\/strong>\u00a0koji je prisustvovao dana\u0161njem doga\u0111aju, preselio se iz Amerike u Srbiju.<\/p>\n<p>&#8220;Zato \u0161to je procenio da je ovde najbolje podneblje za razvoj startapa i taj startap, sad mogu mo\u017eda i da ka\u017eem ovako, moje neke predikcije, mo\u017ee da bude prvi srpski jednorog. Pokrivaju oblast\u00a0<em><i>dipteka<\/i><\/em>, njihov proizvod je nesvakida\u0161nji. Oni prave, volim da prevedem na jezik obi\u010dnih ljudi, pametne nao\u010dare koje re\u0161avaju problem stara\u010dke dalekovidosti. Jedino \u0161to treba jeste da\u00a0<strong><b>tr\u017ei\u0161te<\/b><\/strong>\u00a0odgovori. Oni zaista re\u0161avaju neki problem, sada \u0107emo videti ko je spreman da to plati i da kupi, svi znamo da nao\u010dare nisu samo medicinski\u00a0<em><i>tul<\/i><\/em>, odnosno pomagalo u svakodnevnom \u017eivotu, ima malo veze i sa modom.&#8221;<\/p>\n<p><strong><b>SkyPitch<\/b><\/strong>\u00a0je rezultat strate\u0161ke saradnje Ministarstva nauke, tehnolo\u0161kog razvoja i inovacija, kompanije Telekom Srbija, TS Ventures Fonda, nacionalnog avio-prevoznika Er Srbije, Fonda za razvoj Republike Srbije i kompanije Fidelity Solutions.<\/p>\n<p>SkyPitch Startups razvijen je u saradnji sa digitalnom agencijom GoViral, koja je osmislila inovativan model prezentacije srpskih startapa globalnoj publici.<\/p>\n<p><strong><b>Balint: &#8220;Podsti\u010demo vidljivost talenata&#8221;<\/b><\/strong><\/p>\n<p>Na doga\u0111aju su se obratili i predstavnici Ministarstva nauke, tehnolo\u0161kog razvoja i inovacija, kompanije Air Serbia, kao i predstavnik jednog od 12 startapa, koji \u0107e biti promovisani u narednih godinu dana.<\/p>\n<p><img class=\"lazyload alignnone wp-image-876 size-full\" src=\"https:\/\/tsv.fund\/wp-content\/uploads\/2025\/08\/IMG_2786.jpg\" data-orig-src=\"https:\/\/tsv.fund\/wp-content\/uploads\/2025\/08\/IMG_2786.jpg\" alt=\"\" width=\"830\" height=\"553\" srcset=\"data:image\/svg+xml,%3Csvg%20xmlns%3D%27http%3A%2F%2Fwww.w3.org%2F2000%2Fsvg%27%20width%3D%27830%27%20height%3D%27553%27%20viewBox%3D%270%200%20830%20553%27%3E%3Crect%20width%3D%27830%27%20height%3D%27553%27%20fill-opacity%3D%220%22%2F%3E%3C%2Fsvg%3E\" data-srcset=\"https:\/\/tsv.fund\/wp-content\/uploads\/2025\/08\/IMG_2786-18x12.jpg 18w, https:\/\/tsv.fund\/wp-content\/uploads\/2025\/08\/IMG_2786-200x133.jpg 200w, https:\/\/tsv.fund\/wp-content\/uploads\/2025\/08\/IMG_2786-300x200.jpg 300w, https:\/\/tsv.fund\/wp-content\/uploads\/2025\/08\/IMG_2786-400x267.jpg 400w, https:\/\/tsv.fund\/wp-content\/uploads\/2025\/08\/IMG_2786-600x400.jpg 600w, https:\/\/tsv.fund\/wp-content\/uploads\/2025\/08\/IMG_2786-768x512.jpg 768w, https:\/\/tsv.fund\/wp-content\/uploads\/2025\/08\/IMG_2786-800x533.jpg 800w, https:\/\/tsv.fund\/wp-content\/uploads\/2025\/08\/IMG_2786.jpg 830w\" data-sizes=\"auto\" data-orig-sizes=\"(max-width: 830px) 100vw, 830px\" \/><\/p>\n<p>&#8220;SkyPitch je projekat koji na najbolji na\u010din izra\u017eava inovativni duh i globalni potencijal na\u0161e zemlje. Podsti\u010de vidljivost doma\u0107ih talenata i istovremeno gradi odr\u017eiv model za promociju srpskih inovacija na globalnom tr\u017ei\u0161tu. Ova inicijativa pokazuje da je Srbija spremna da svoje ideje i tehnologije predstavi svetu \u2013 od ve\u0161ta\u010dke inteligencije do re\u0161enja za industriju 4.0&#8221;, izjavio je akademik\u00a0<strong><b>Bela Balint, ministar nauke, tehnolo\u0161kog razvoja i inovacija<\/b><\/strong>.<\/p>\n<p>Tekst je u celosti preuzet sa: <a href=\"https:\/\/ubrzanje.telegraf.rs\/start-up\/4128911-12-srpskih-startapa-ce-se-predstaviti-iz-aviona-spremni-su-za-svet-imaju-realne-sanse-za-uspeh\"><u>https:\/\/ubrzanje.telegraf.rs\/start-up\/4128911-12-srpskih-startapa-ce-se-predstaviti-iz-aviona-spremni-su-za-svet-imaju-realne-sanse-za-uspeh<\/u><\/a><\/p>\n<p>&nbsp;<\/p>","protected":false},"excerpt":{"rendered":"<p>&#8220;Zamislite da va\u0161a ideja putuje br\u017ee od vas, da obi\u0111e svet dok jo\u0161 planirate naredni korak, da se [&hellip;]<\/p>","protected":false},"author":2,"featured_media":872,"comment_status":"closed","ping_status":"closed","sticky":false,"template":"","format":"standard","meta":[],"categories":[5],"tags":[],"_links":{"self":[{"href":"https:\/\/tsv.fund\/sr\/wp-json\/wp\/v2\/posts\/871"}],"collection":[{"href":"https:\/\/tsv.fund\/sr\/wp-json\/wp\/v2\/posts"}],"about":[{"href":"https:\/\/tsv.fund\/sr\/wp-json\/wp\/v2\/types\/post"}],"author":[{"embeddable":true,"href":"https:\/\/tsv.fund\/sr\/wp-json\/wp\/v2\/users\/2"}],"replies":[{"embeddable":true,"href":"https:\/\/tsv.fund\/sr\/wp-json\/wp\/v2\/comments?post=871"}],"version-history":[{"count":4,"href":"https:\/\/tsv.fund\/sr\/wp-json\/wp\/v2\/posts\/871\/revisions"}],"predecessor-version":[{"id":884,"href":"https:\/\/tsv.fund\/sr\/wp-json\/wp\/v2\/posts\/871\/revisions\/884"}],"wp:featuredmedia":[{"embeddable":true,"href":"https:\/\/tsv.fund\/sr\/wp-json\/wp\/v2\/media\/872"}],"wp:attachment":[{"href":"https:\/\/tsv.fund\/sr\/wp-json\/wp\/v2\/media?parent=871"}],"wp:term":[{"taxonomy":"category","embeddable":true,"href":"https:\/\/tsv.fund\/sr\/wp-json\/wp\/v2\/categories?post=871"},{"taxonomy":"post_tag","embeddable":true,"href":"https:\/\/tsv.fund\/sr\/wp-json\/wp\/v2\/tags?post=871"}],"curies":[{"name":"wp","href":"https:\/\/api.w.org\/{rel}","templated":true}]}}